{"id":7792,"date":"2026-04-13T17:51:04","date_gmt":"2026-04-13T17:51:04","guid":{"rendered":"http:\/\/poscardio.sites.uff.br\/?p=7792"},"modified":"2026-04-13T17:52:52","modified_gmt":"2026-04-13T17:52:52","slug":"edital-ppgccv-no-004-2026-apoio-a-participacao-em-eventos-cientificos","status":"publish","type":"post","link":"http:\/\/poscardio.sites.uff.br\/?p=7792","title":{"rendered":"Edital PDPG 2026 \u2013 Apoio \u00e0 participa\u00e7\u00e3o em eventos cient\u00edficos"},"content":{"rendered":"\n<p>O PPGCCV\/UFF divulga o Edital n\u00ba 004\/2026, referente \u00e0 sele\u00e7\u00e3o interna de estudantes para apoio \u00e0 participa\u00e7\u00e3o em eventos t\u00e9cnico-cient\u00edficos, com recursos do PDPG\/CAPES.<\/p>\n\n\n\n<p>\ud83d\udcb0 <strong>Aux\u00edlio:<\/strong><\/p>\n\n\n\n<ul class=\"wp-block-list\">\n<li>At\u00e9 R$ 1.500 (eventos nacionais)<\/li>\n\n\n\n<li>At\u00e9 R$ 3.000 (eventos internacionais)<\/li>\n<\/ul>\n\n\n\n<p>\ud83c\udf93 <strong>P\u00fablico-alvo:<\/strong><br>Mestrandos e doutorandos regularmente matriculados.<\/p>\n\n\n\n<hr class=\"wp-block-separator has-alpha-channel-opacity\" \/>\n\n\n\n<h2 class=\"wp-block-heading\">\ud83d\udcc5 Per\u00edodos de inscri\u00e7\u00e3o<\/h2>\n\n\n\n<ul class=\"wp-block-list\">\n<li><strong>1\u00aa chamada:<\/strong> 15 a 22\/06\/2026<\/li>\n\n\n\n<li><strong>2\u00aa chamada:<\/strong> 17 a 24\/08\/2026<\/li>\n\n\n\n<li><strong>3\u00aa chamada:<\/strong> 19 a 26\/10\/2026<\/li>\n<\/ul>\n\n\n\n<hr class=\"wp-block-separator has-alpha-channel-opacity\" \/>\n\n\n\n<p>\ud83d\udcdd <strong>Inscri\u00e7\u00f5es:<\/strong><br><a href=\"https:\/\/forms.gle\/fxsn9K8HYgu2gghF8\">https:\/\/forms.gle\/fxsn9K8HYgu2gghF8<\/a><\/p>\n\n\n\n<p>\ud83d\udce9 <strong>D\u00favidas:<\/strong> <a>ppgccv.cmm@id.uff.br<\/a><\/p>\n\n\n\n<hr class=\"wp-block-separator has-alpha-channel-opacity\" \/>\n\n\n\n<p>\ud83d\udd17 <a href=\"http:\/\/poscardio.sites.uff.br\/wp-content\/uploads\/sites\/3\/2026\/04\/Edital-PDPG-2026-versao-09.04.pdf\">Consulte o edital completo para mais informa\u00e7\u00f5es.<\/a><\/p>\n","protected":false},"excerpt":{"rendered":"<p>O PPGCCV\/UFF divulga o Edital n\u00ba 004\/2026, referente \u00e0 sele\u00e7\u00e3o interna de estudantes para apoio \u00e0 participa\u00e7\u00e3o em eventos t\u00e9cnico-cient\u00edficos, com recursos do PDPG\/CAPES. \ud83d\udcb0 Aux\u00edlio: \ud83c\udf93 P\u00fablico-alvo:Mestrandos e doutorandos regularmente matriculados. \ud83d\udcc5 Per\u00edodos de inscri\u00e7\u00e3o \ud83d\udcdd Inscri\u00e7\u00f5es:https:\/\/forms.gle\/fxsn9K8HYgu2gghF8 \ud83d\udce9 D\u00favidas: ppgccv.cmm@id.uff.br \ud83d\udd17 Consulte o edital completo para mais informa\u00e7\u00f5es.<\/p>\n","protected":false},"author":3,"featured_media":7793,"comment_status":"closed","ping_status":"closed","sticky":false,"template":"","format":"standard","meta":{"_exactmetrics_skip_tracking":false,"_exactmetrics_sitenote_active":false,"_exactmetrics_sitenote_note":"","_exactmetrics_sitenote_category":0,"footnotes":""},"categories":[2,4],"tags":[],"class_list":["post-7792","post","type-post","status-publish","format-standard","has-post-thumbnail","hentry","category-destaques","category-noticias"],"_links":{"self":[{"href":"http:\/\/poscardio.sites.uff.br\/index.php?rest_route=\/wp\/v2\/posts\/7792","targetHints":{"allow":["GET"]}}],"collection":[{"href":"http:\/\/poscardio.sites.uff.br\/index.php?rest_route=\/wp\/v2\/posts"}],"about":[{"href":"http:\/\/poscardio.sites.uff.br\/index.php?rest_route=\/wp\/v2\/types\/post"}],"author":[{"embeddable":true,"href":"http:\/\/poscardio.sites.uff.br\/index.php?rest_route=\/wp\/v2\/users\/3"}],"replies":[{"embeddable":true,"href":"http:\/\/poscardio.sites.uff.br\/index.php?rest_route=%2Fwp%2Fv2%2Fcomments&post=7792"}],"version-history":[{"count":3,"href":"http:\/\/poscardio.sites.uff.br\/index.php?rest_route=\/wp\/v2\/posts\/7792\/revisions"}],"predecessor-version":[{"id":7797,"href":"http:\/\/poscardio.sites.uff.br\/index.php?rest_route=\/wp\/v2\/posts\/7792\/revisions\/7797"}],"wp:featuredmedia":[{"embeddable":true,"href":"http:\/\/poscardio.sites.uff.br\/index.php?rest_route=\/wp\/v2\/media\/7793"}],"wp:attachment":[{"href":"http:\/\/poscardio.sites.uff.br\/index.php?rest_route=%2Fwp%2Fv2%2Fmedia&parent=7792"}],"wp:term":[{"taxonomy":"category","embeddable":true,"href":"http:\/\/poscardio.sites.uff.br\/index.php?rest_route=%2Fwp%2Fv2%2Fcategories&post=7792"},{"taxonomy":"post_tag","embeddable":true,"href":"http:\/\/poscardio.sites.uff.br\/index.php?rest_route=%2Fwp%2Fv2%2Ftags&post=7792"}],"curies":[{"name":"wp","href":"https:\/\/api.w.org\/{rel}","templated":true}]}}