{"id":7754,"date":"2026-03-04T18:48:50","date_gmt":"2026-03-04T18:48:50","guid":{"rendered":"http:\/\/poscardio.sites.uff.br\/?p=7754"},"modified":"2026-03-30T22:30:41","modified_gmt":"2026-03-30T22:30:41","slug":"chamada-para-processo-seletivo-md-phd-2026-1-inscricoes-10-03-a-13-03-2026","status":"publish","type":"post","link":"http:\/\/poscardio.sites.uff.br\/?p=7754","title":{"rendered":"Chamada para Processo Seletivo MD-PhD 2026\/1 &#8211; Resultado final"},"content":{"rendered":"\n<p class=\"has-text-align-center\"><strong>PROCESSO SELETIVO CONJUNTO DO PROGRAMA DE INICIA\u00c7\u00c3O CIENT\u00cdFICA E DOS PROGRAMAS DE P\u00d3S-GRADUA\u00c7\u00c3O EM CI\u00caNCIAS CARDIOVASCULARES E EM CI\u00caNCIAS M\u00c9DICAS PARA A INSCRI\u00c7\u00c3O NO PROGRAMA DE TREINAMENTO CIENT\u00cdFICO (PTC) &#8211; PROGRAMA MD-PhD &#8211; CURSO DE MEDICINA UFF<\/strong><\/p>\n\n\n\n<p>Clique <a href=\"http:\/\/poscardio.sites.uff.br\/wp-content\/uploads\/sites\/3\/2026\/03\/Chamada-para-o-Processo-Seletivo-MD-PhD-1_2026-Resultado-final-apos-recursos.pdf\">aqui<\/a> para ver o resultado final do processo seletivo.<\/p>\n\n\n\n<p>Clique <a href=\"http:\/\/poscardio.sites.uff.br\/wp-content\/uploads\/sites\/3\/2026\/03\/RESULTADO-PRELIMINAR-MD-PhD-2026.1.pdf\">aqui<\/a> para ver o resultado preliminar. Recursos ser\u00e3o recebidos pelo e-mail ppgccv.cmm@id.uff.br at\u00e9 o dia 25\/03.<\/p>\n\n\n\n<p>Clique <a href=\"http:\/\/poscardio.sites.uff.br\/wp-content\/uploads\/sites\/3\/2026\/03\/Homologacao_MD-PhD_1-2026.pdf\">aqui<\/a> para ver as inscri\u00e7\u00f5es homologadas.<\/p>\n\n\n\n<p><strong>P\u00fablico-Alvo:<\/strong><\/p>\n\n\n\n<p>Alunos do Curso de Medicina da Universidade Federal Fluminense egressos do 5\u00ba per\u00edodo, matriculados no 6\u00ba per\u00edodo.<\/p>\n\n\n\n<p><strong>Cronograma do<\/strong> <strong>Processo seletivo:<\/strong><\/p>\n\n\n\n<p><strong><em>2026.1<\/em><\/strong><\/p>\n\n\n\n<p><strong><em>Solicita\u00e7\u00e3o de isen\u00e7\u00e3o de taxa de inscri\u00e7\u00e3o: 05 e 06\/03<\/em><\/strong> (<a href=\"https:\/\/forms.gle\/pBBQCCVrzSSbpjhDA\"> https:\/\/forms.gle\/pBBQCCVrzSSbpjhDA<\/a>)<\/p>\n\n\n\n<p><strong><em>Resultado da solicita\u00e7\u00e3o de isen\u00e7\u00e3o de taxa de inscri\u00e7\u00e3o: 09\/03<\/em><\/strong><\/p>\n\n\n\n<p><strong><em>Data das inscri\u00e7\u00f5es: 10\/03 a 13\/03<\/em><\/strong> (<a href=\"https:\/\/forms.gle\/C36yrxgb12JL5sHA8\">https:\/\/forms.gle\/C36yrxgb12JL5sHA8<\/a>)<\/p>\n\n\n\n<p><strong><em>Resultado do deferimento das inscri\u00e7\u00f5es: 16\/03<\/em><\/strong><\/p>\n\n\n\n<p><strong><em>An\u00e1lise da documenta\u00e7\u00e3o: 17\/03<\/em><\/strong><\/p>\n\n\n\n<p><strong><em>Resultado preliminar: 23\/03<\/em><\/strong><\/p>\n\n\n\n<p><strong><em>Prazo final dos recursos: at\u00e9 25\/03<\/em><\/strong><\/p>\n\n\n\n<p><strong><em>Homologa\u00e7\u00e3o de resultado final ap\u00f3s recursos e devidas respostas: 27\/03<\/em><\/strong><\/p>\n\n\n\n<p><strong>Edital:<\/strong> <a href=\"https:\/\/www.editais.uff.br\/10615\">https:\/\/www.editais.uff.br\/10615<\/a><\/p>\n","protected":false},"excerpt":{"rendered":"<p>PROCESSO SELETIVO CONJUNTO DO PROGRAMA DE INICIA\u00c7\u00c3O CIENT\u00cdFICA E DOS PROGRAMAS DE P\u00d3S-GRADUA\u00c7\u00c3O EM CI\u00caNCIAS CARDIOVASCULARES E EM CI\u00caNCIAS M\u00c9DICAS PARA A INSCRI\u00c7\u00c3O NO PROGRAMA DE TREINAMENTO CIENT\u00cdFICO (PTC) &#8211; PROGRAMA MD-PhD &#8211; CURSO DE MEDICINA UFF Clique aqui para ver o resultado final do processo seletivo. Clique aqui para ver o resultado preliminar. Recursos [&hellip;]<\/p>\n","protected":false},"author":3,"featured_media":7755,"comment_status":"closed","ping_status":"closed","sticky":false,"template":"","format":"standard","meta":{"_exactmetrics_skip_tracking":false,"_exactmetrics_sitenote_active":false,"_exactmetrics_sitenote_note":"","_exactmetrics_sitenote_category":0,"footnotes":""},"categories":[2,4],"tags":[],"class_list":["post-7754","post","type-post","status-publish","format-standard","has-post-thumbnail","hentry","category-destaques","category-noticias"],"_links":{"self":[{"href":"http:\/\/poscardio.sites.uff.br\/index.php?rest_route=\/wp\/v2\/posts\/7754","targetHints":{"allow":["GET"]}}],"collection":[{"href":"http:\/\/poscardio.sites.uff.br\/index.php?rest_route=\/wp\/v2\/posts"}],"about":[{"href":"http:\/\/poscardio.sites.uff.br\/index.php?rest_route=\/wp\/v2\/types\/post"}],"author":[{"embeddable":true,"href":"http:\/\/poscardio.sites.uff.br\/index.php?rest_route=\/wp\/v2\/users\/3"}],"replies":[{"embeddable":true,"href":"http:\/\/poscardio.sites.uff.br\/index.php?rest_route=%2Fwp%2Fv2%2Fcomments&post=7754"}],"version-history":[{"count":9,"href":"http:\/\/poscardio.sites.uff.br\/index.php?rest_route=\/wp\/v2\/posts\/7754\/revisions"}],"predecessor-version":[{"id":7791,"href":"http:\/\/poscardio.sites.uff.br\/index.php?rest_route=\/wp\/v2\/posts\/7754\/revisions\/7791"}],"wp:featuredmedia":[{"embeddable":true,"href":"http:\/\/poscardio.sites.uff.br\/index.php?rest_route=\/wp\/v2\/media\/7755"}],"wp:attachment":[{"href":"http:\/\/poscardio.sites.uff.br\/index.php?rest_route=%2Fwp%2Fv2%2Fmedia&parent=7754"}],"wp:term":[{"taxonomy":"category","embeddable":true,"href":"http:\/\/poscardio.sites.uff.br\/index.php?rest_route=%2Fwp%2Fv2%2Fcategories&post=7754"},{"taxonomy":"post_tag","embeddable":true,"href":"http:\/\/poscardio.sites.uff.br\/index.php?rest_route=%2Fwp%2Fv2%2Ftags&post=7754"}],"curies":[{"name":"wp","href":"https:\/\/api.w.org\/{rel}","templated":true}]}}