{"id":7749,"date":"2026-03-02T16:29:45","date_gmt":"2026-03-02T16:29:45","guid":{"rendered":"http:\/\/poscardio.sites.uff.br\/?p=7749"},"modified":"2026-03-02T16:29:45","modified_gmt":"2026-03-02T16:29:45","slug":"celebracao-40-anos-ppgccv-06-de-marco-de-2026-as-14h-no-auditorio-do-instituto-de-computacao-da-uff","status":"publish","type":"post","link":"http:\/\/poscardio.sites.uff.br\/?p=7749","title":{"rendered":"Celebra\u00e7\u00e3o 40 anos PPGCCV &#8211; 06 de mar\u00e7o de 2026, \u00e0s 14h, no audit\u00f3rio do Instituto de Computa\u00e7\u00e3o da UFF"},"content":{"rendered":"\n<p>O Programa de P\u00f3s-Gradua\u00e7\u00e3o em Ci\u00eancias Cardiovasculares da UFF tem a alegria de convidar para a celebra\u00e7\u00e3o de seus 40 anos, que ocorrer\u00e1 durante a&nbsp; XIII Jornada Anual em Ci\u00eancias Cardiovasculares, evento sat\u00e9lite ao II Simp\u00f3sio de (In)atividade F\u00edsica e Sa\u00fade.<\/p>\n\n\n\n<p>Esperamos a todos no dia 06 de mar\u00e7o de 2026, \u00e0s 14h, no audit\u00f3rio do Instituto de Computa\u00e7\u00e3o, para, juntos, vivermos esse momento hist\u00f3rico! Sua&nbsp;presen\u00e7a \u00e9 muito importante! Venha celebrar conosco!<\/p>\n\n\n\n<p>Link para inscri\u00e7\u00e3o:<br><a href=\"https:\/\/docs.google.com\/forms\/d\/e\/1FAIpQLScSAWKHnNiUeXRwSrcr5aUDc4AR66FyBJCXNw08jIac1vJzGA\/viewform?usp=dialog\" target=\"_blank\" rel=\"noreferrer noopener\">https:\/\/docs.google.com\/forms\/d\/e\/1FAIpQLScSAWKHnNiUeXRwSrcr5aUDc4AR66FyBJCXNw08jIac1vJzGA\/viewform?usp=dialog<\/a><\/p>\n\n\n\n<figure class=\"wp-block-image size-large\"><img loading=\"lazy\" decoding=\"async\" width=\"1024\" height=\"1024\" src=\"http:\/\/poscardio.sites.uff.br\/wp-content\/uploads\/sites\/3\/2026\/03\/image-1024x1024.png\" alt=\"\" class=\"wp-image-7750\" srcset=\"http:\/\/poscardio.sites.uff.br\/wp-content\/uploads\/sites\/3\/2026\/03\/image-1024x1024.png 1024w, http:\/\/poscardio.sites.uff.br\/wp-content\/uploads\/sites\/3\/2026\/03\/image-300x300.png 300w, http:\/\/poscardio.sites.uff.br\/wp-content\/uploads\/sites\/3\/2026\/03\/image-150x150.png 150w, http:\/\/poscardio.sites.uff.br\/wp-content\/uploads\/sites\/3\/2026\/03\/image-768x768.png 768w, http:\/\/poscardio.sites.uff.br\/wp-content\/uploads\/sites\/3\/2026\/03\/image.png 1080w\" sizes=\"auto, (max-width: 1024px) 100vw, 1024px\" \/><\/figure>\n","protected":false},"excerpt":{"rendered":"<p>O Programa de P\u00f3s-Gradua\u00e7\u00e3o em Ci\u00eancias Cardiovasculares da UFF tem a alegria de convidar para a celebra\u00e7\u00e3o de seus 40 anos, que ocorrer\u00e1 durante a&nbsp; XIII Jornada Anual em Ci\u00eancias Cardiovasculares, evento sat\u00e9lite ao II Simp\u00f3sio de (In)atividade F\u00edsica e Sa\u00fade. Esperamos a todos no dia 06 de mar\u00e7o de 2026, \u00e0s 14h, no audit\u00f3rio [&hellip;]<\/p>\n","protected":false},"author":3,"featured_media":0,"comment_status":"closed","ping_status":"closed","sticky":false,"template":"","format":"standard","meta":{"_exactmetrics_skip_tracking":false,"_exactmetrics_sitenote_active":false,"_exactmetrics_sitenote_note":"","_exactmetrics_sitenote_category":0,"footnotes":""},"categories":[2,4],"tags":[],"class_list":["post-7749","post","type-post","status-publish","format-standard","hentry","category-destaques","category-noticias"],"_links":{"self":[{"href":"http:\/\/poscardio.sites.uff.br\/index.php?rest_route=\/wp\/v2\/posts\/7749","targetHints":{"allow":["GET"]}}],"collection":[{"href":"http:\/\/poscardio.sites.uff.br\/index.php?rest_route=\/wp\/v2\/posts"}],"about":[{"href":"http:\/\/poscardio.sites.uff.br\/index.php?rest_route=\/wp\/v2\/types\/post"}],"author":[{"embeddable":true,"href":"http:\/\/poscardio.sites.uff.br\/index.php?rest_route=\/wp\/v2\/users\/3"}],"replies":[{"embeddable":true,"href":"http:\/\/poscardio.sites.uff.br\/index.php?rest_route=%2Fwp%2Fv2%2Fcomments&post=7749"}],"version-history":[{"count":1,"href":"http:\/\/poscardio.sites.uff.br\/index.php?rest_route=\/wp\/v2\/posts\/7749\/revisions"}],"predecessor-version":[{"id":7751,"href":"http:\/\/poscardio.sites.uff.br\/index.php?rest_route=\/wp\/v2\/posts\/7749\/revisions\/7751"}],"wp:attachment":[{"href":"http:\/\/poscardio.sites.uff.br\/index.php?rest_route=%2Fwp%2Fv2%2Fmedia&parent=7749"}],"wp:term":[{"taxonomy":"category","embeddable":true,"href":"http:\/\/poscardio.sites.uff.br\/index.php?rest_route=%2Fwp%2Fv2%2Fcategories&post=7749"},{"taxonomy":"post_tag","embeddable":true,"href":"http:\/\/poscardio.sites.uff.br\/index.php?rest_route=%2Fwp%2Fv2%2Ftags&post=7749"}],"curies":[{"name":"wp","href":"https:\/\/api.w.org\/{rel}","templated":true}]}}