{"id":7726,"date":"2026-02-02T14:13:47","date_gmt":"2026-02-02T14:13:47","guid":{"rendered":"http:\/\/poscardio.sites.uff.br\/?p=7726"},"modified":"2026-03-02T16:26:15","modified_gmt":"2026-03-02T16:26:15","slug":"selecao-para-formacao-de-recursos-humanos-em-saude-2026-1-nivel-mestrado-inscricoes-de-02-a-06-de-fevereiro-de-2026","status":"publish","type":"post","link":"http:\/\/poscardio.sites.uff.br\/?p=7726","title":{"rendered":"Sele\u00e7\u00e3o para Forma\u00e7\u00e3o de Recursos Humanos em Sa\u00fade 2026\/1 &#8211; N\u00edvel Mestrado &#8211; Novas inscri\u00e7\u00f5es em breve"},"content":{"rendered":"\n<p>A Coordena\u00e7\u00e3o do Curso de P\u00f3s-Gradua\u00e7\u00e3o em Ci\u00eancias Cardiovasculares da<br>Universidade Federal Fluminense, considerando o que estabelece o Programa de<br>Forma\u00e7\u00e3o de Recursos Humanos em Sa\u00fade coordenado pela Ag\u00eancia Brasileira de<br>Coopera\u00e7\u00e3o do Minist\u00e9rio das Rela\u00e7\u00f5es Exteriores do Brasil, em parceria com o<br>Minist\u00e9rio da Sa\u00fade, o Minist\u00e9rio da Educa\u00e7\u00e3o, a Empresa Brasileira de Servi\u00e7os<br>Hospitalares e a Funda\u00e7\u00e3o Oswaldo Cruz, faz saber que est\u00e3o abertas as inscri\u00e7\u00f5es para<br>o processo de sele\u00e7\u00e3o do curso de P\u00f3s-Gradua\u00e7\u00e3o Stricto Sensu, n\u00edvel MESTRADO, na forma do Edital dispon\u00edvel <a href=\"http:\/\/poscardio.sites.uff.br\/wp-content\/uploads\/sites\/3\/2026\/01\/Proposta-edital-selecao-ME-convenio-Brasil-Angola-2026.pdf\">aqui.<\/a><\/p>\n\n\n\n<p><a href=\"http:\/\/poscardio.sites.uff.br\/wp-content\/uploads\/sites\/3\/2026\/01\/Proposta-edital-selecao-ME-convenio-Brasil-Angola-2026.pdf\">Formul\u00e1rio de inscri\u00e7\u00e3o<\/a><\/p>\n\n\n\n<p><strong><u>Cronograma:&nbsp;<\/u><\/strong><\/p>\n\n\n\n<p>\u25cf Inscri\u00e7\u00f5es: 02 a 06 de fevereiro de 2026 (at\u00e9 as 12h)&nbsp;<\/p>\n\n\n\n<p>\u25cf An\u00e1lise da documenta\u00e7\u00e3o: 09 a 13 de fevereiro de 2026&nbsp;<\/p>\n\n\n\n<p>\u25cf Entrevistas e apresenta\u00e7\u00e3o de artigo cient\u00edfico (online, via Google Meet): 23 de fevereiro de 2026&nbsp;<\/p>\n\n\n\n<p>\u25cf Resultado: 24 de fevereiro de 2026&nbsp;<\/p>\n\n\n\n<p>\u25cf Resultado preliminar: 25 de fevereiro de 2026&nbsp;<\/p>\n\n\n\n<p>\u25cf Prazo para recursos: at\u00e9 27 de fevereiro de 2026&nbsp;<\/p>\n\n\n\n<p>\u25cf Homologa\u00e7\u00e3o e divulga\u00e7\u00e3o do resultado final (PPGCCV): 09 de mar\u00e7o de 2026&nbsp;&nbsp;<\/p>\n\n\n\n<p>D\u00favidas devem ser enviadas para o e-mail <a href=\"mailto:ppgccv.cmm@id.uff.br\">ppgccv.cmm@id.uff.br<\/a><\/p>\n\n\n\n<p><\/p>\n","protected":false},"excerpt":{"rendered":"<p>A Coordena\u00e7\u00e3o do Curso de P\u00f3s-Gradua\u00e7\u00e3o em Ci\u00eancias Cardiovasculares daUniversidade Federal Fluminense, considerando o que estabelece o Programa deForma\u00e7\u00e3o de Recursos Humanos em Sa\u00fade coordenado pela Ag\u00eancia Brasileira deCoopera\u00e7\u00e3o do Minist\u00e9rio das Rela\u00e7\u00f5es Exteriores do Brasil, em parceria com oMinist\u00e9rio da Sa\u00fade, o Minist\u00e9rio da Educa\u00e7\u00e3o, a Empresa Brasileira de Servi\u00e7osHospitalares e a Funda\u00e7\u00e3o Oswaldo [&hellip;]<\/p>\n","protected":false},"author":3,"featured_media":7727,"comment_status":"closed","ping_status":"closed","sticky":false,"template":"","format":"standard","meta":{"_exactmetrics_skip_tracking":false,"_exactmetrics_sitenote_active":false,"_exactmetrics_sitenote_note":"","_exactmetrics_sitenote_category":0,"footnotes":""},"categories":[2,4],"tags":[],"class_list":["post-7726","post","type-post","status-publish","format-standard","has-post-thumbnail","hentry","category-destaques","category-noticias"],"_links":{"self":[{"href":"http:\/\/poscardio.sites.uff.br\/index.php?rest_route=\/wp\/v2\/posts\/7726","targetHints":{"allow":["GET"]}}],"collection":[{"href":"http:\/\/poscardio.sites.uff.br\/index.php?rest_route=\/wp\/v2\/posts"}],"about":[{"href":"http:\/\/poscardio.sites.uff.br\/index.php?rest_route=\/wp\/v2\/types\/post"}],"author":[{"embeddable":true,"href":"http:\/\/poscardio.sites.uff.br\/index.php?rest_route=\/wp\/v2\/users\/3"}],"replies":[{"embeddable":true,"href":"http:\/\/poscardio.sites.uff.br\/index.php?rest_route=%2Fwp%2Fv2%2Fcomments&post=7726"}],"version-history":[{"count":3,"href":"http:\/\/poscardio.sites.uff.br\/index.php?rest_route=\/wp\/v2\/posts\/7726\/revisions"}],"predecessor-version":[{"id":7782,"href":"http:\/\/poscardio.sites.uff.br\/index.php?rest_route=\/wp\/v2\/posts\/7726\/revisions\/7782"}],"wp:featuredmedia":[{"embeddable":true,"href":"http:\/\/poscardio.sites.uff.br\/index.php?rest_route=\/wp\/v2\/media\/7727"}],"wp:attachment":[{"href":"http:\/\/poscardio.sites.uff.br\/index.php?rest_route=%2Fwp%2Fv2%2Fmedia&parent=7726"}],"wp:term":[{"taxonomy":"category","embeddable":true,"href":"http:\/\/poscardio.sites.uff.br\/index.php?rest_route=%2Fwp%2Fv2%2Fcategories&post=7726"},{"taxonomy":"post_tag","embeddable":true,"href":"http:\/\/poscardio.sites.uff.br\/index.php?rest_route=%2Fwp%2Fv2%2Ftags&post=7726"}],"curies":[{"name":"wp","href":"https:\/\/api.w.org\/{rel}","templated":true}]}}