{"id":7606,"date":"2025-09-01T14:37:42","date_gmt":"2025-09-01T14:37:42","guid":{"rendered":"http:\/\/poscardio.sites.uff.br\/?p=7606"},"modified":"2025-10-01T15:29:42","modified_gmt":"2025-10-01T15:29:42","slug":"inscricoes-em-disciplinas-2-2025-periodo-01-09-a-05-09-2025","status":"publish","type":"post","link":"http:\/\/poscardio.sites.uff.br\/?p=7606","title":{"rendered":"Exclus\u00e3o de Disciplinas \u2013 Semestre 2\/2025"},"content":{"rendered":"\n<p>Per\u00edodo para solicita\u00e7\u00e3o: <strong>15\/09 a 03\/10<\/strong><\/p>\n\n\n\n<p>Os alunos interessados em solicitar <strong>exclus\u00e3o de disciplina<\/strong> devem enviar um e-mail para <strong><a>ppgccv.cmm@id.uff.br<\/a><\/strong> com o seguinte assunto:<\/p>\n\n\n\n<p><strong>&#8220;Exclus\u00e3o de disciplina &#8211; Semestre 2\/2025&#8221;<\/strong><\/p>\n\n\n\n<p><strong>IMPORTANTE:<\/strong><\/p>\n\n\n\n<p>Alunos <strong>ouvintes<\/strong> que n\u00e3o solicitarem a exclus\u00e3o da disciplina dentro do prazo somente poder\u00e3o cursar novas disciplinas no PPGCCV mediante <strong>aprova\u00e7\u00e3o no processo seletivo regular do Programa<\/strong>.<\/p>\n\n\n\n<p>Alunos que n\u00e3o conclu\u00edrem a disciplina e n\u00e3o apresentarem justificativa devidamente comprovada por meio de documenta\u00e7\u00e3o, e que n\u00e3o solicitarem a exclus\u00e3o dentro do prazo estabelecido, ter\u00e3o a <strong>reprova\u00e7\u00e3o registrada em seu hist\u00f3rico escolar<\/strong>.<\/p>\n\n\n\n<p>Per\u00edodo das inscri\u00e7\u00f5es:\u00a0<strong>Encerradas!<\/strong><\/p>\n\n\n\n<p>Quadro de hor\u00e1rios: <a href=\"https:\/\/docs.google.com\/spreadsheets\/d\/1ueAn1pHvQ6cj9ObfgHekBVn81uYM-jyS\/edit?usp=sharing&amp;ouid=101341605594689155398&amp;rtpof=true&amp;sd=true\">https:\/\/docs.google.com\/spreadsheets\/d\/1ueAn1pHvQ6cj9ObfgHekBVn81uYM-jyS\/edit?usp=sharing&amp;ouid=101341605594689155398&amp;rtpof=true&amp;sd=true<\/a><\/p>\n\n\n\n<p>Formul\u00e1rio de inscri\u00e7\u00e3o: <a href=\"https:\/\/forms.gle\/f2Fadpxw1BEyYbaC9\">https:\/\/forms.gle\/f2Fadpxw1BEyYbaC9<\/a><\/p>\n\n\n\n<p>P\u00fablico-alvo: ver grade de hor\u00e1rios.<\/p>\n\n\n\n<p>&#8211;&nbsp;Os alunos que desejarem cursar disciplinas na qualidade de ouvintes dever\u00e3o, al\u00e9m de preencher o formul\u00e1rio espec\u00edfico, anexar uma carta de recomenda\u00e7\u00e3o assinada por seu orientador, que obrigatoriamente deve ser professor credenciado a este Programa de P\u00f3s-Gradua\u00e7\u00e3o. A carta deve estar atualizada, com data de emiss\u00e3o n\u00e3o superior a 30 dias.<\/p>\n\n\n\n<p>&#8211; Os alunos externos devem anexar declara\u00e7\u00e3o de regularidade de matr\u00edcula do PPG de origem,&nbsp;com data de emiss\u00e3o n\u00e3o superior a 30 dias.<\/p>\n\n\n\n<p>N\u00c3O SER\u00c3O ACEITAS INSCRI\u00c7\u00d5ES DE ALUNOS OUVINTES SEM CARTA DE APRESENTA\u00c7\u00c3O ASSINADA PELO ORIENTADOR.&nbsp;<\/p>\n\n\n\n<p>N\u00c3O SER\u00c3O ACEITAS INSCRI\u00c7\u00d5ES DE ALUNOS EXTERNOS SEM A DECLARA\u00c7\u00c3O DE REGULARIDADE DE MATR\u00cdCULA.<\/p>\n\n\n\n<p>N\u00c3O SER\u00c3O CONSIDERADAS CARTAS DE APRESENTA\u00c7\u00c3O ENVIADAS POR E-MAIL OU WHATSAPP.<\/p>\n\n\n\n<p>Observa\u00e7\u00e3o:&nbsp; A atividade &#8216;Elabora\u00e7\u00e3o de Tese\/Disserta\u00e7\u00e3o&#8217; n\u00e3o corresponde a uma disciplina com aulas regulares, mas sim \u00e0 fase de reda\u00e7\u00e3o do trabalho final. Devem se inscrever nessa atividade apenas os alunos que j\u00e1 tenham integralizado todos os cr\u00e9ditos exigidos (disciplinas obrigat\u00f3rias e optativas), mas que ainda precisem manter v\u00ednculo ativo com o Programa.<\/p>\n\n\n\n<p><strong>Seguem outras datas importantes:<\/strong><\/p>\n\n\n\n<ul class=\"wp-block-list\">\n<li><strong>Exclus\u00e3o de disciplinas: 15\/09 a 03\/10*;<\/strong><\/li>\n\n\n\n<li><strong>Per\u00edodo das aulas: 15\/09 a 12\/12;<\/strong><\/li>\n\n\n\n<li><strong>Envio do relat\u00f3rio semestral: at\u00e9 12\/12.<\/strong><\/li>\n<\/ul>\n\n\n\n<p>*Enviar e-mail para&nbsp;<a href=\"http:\/\/ppgccv.cmm@id.uff.br\/\">ppgccv.cmm@id.uff.br<\/a>&nbsp;com o assunto:&nbsp;<strong>&#8220;Exclus\u00e3o de disciplina &#8211; Semestre 2\/2025&#8221;<\/strong>.<\/p>\n\n\n\n<p>&nbsp;IMPORTANTE:&nbsp;<\/p>\n\n\n\n<p>(i) Os alunos que, porventura, n\u00e3o conclu\u00edrem a disciplina sem apresentar justificativa devidamente comprovada por meio de documenta\u00e7\u00e3o e n\u00e3o solicitarem a exclus\u00e3o da disciplina dentro do prazo estabelecido ter\u00e3o a reprova\u00e7\u00e3o registrada em seu hist\u00f3rico escolar.&nbsp;&nbsp;<\/p>\n\n\n\n<p>(ii)&nbsp; Os alunos ouvintes que n\u00e3o solicitarem a exclus\u00e3o da disciplina dentro do prazo previsto somente poder\u00e3o cursar novas disciplinas no PPGCCV mediante aprova\u00e7\u00e3o no processo seletivo regular do Programa.<\/p>\n","protected":false},"excerpt":{"rendered":"<p>Per\u00edodo para solicita\u00e7\u00e3o: 15\/09 a 03\/10 Os alunos interessados em solicitar exclus\u00e3o de disciplina devem enviar um e-mail para ppgccv.cmm@id.uff.br com o seguinte assunto: &#8220;Exclus\u00e3o de disciplina &#8211; Semestre 2\/2025&#8221; IMPORTANTE: Alunos ouvintes que n\u00e3o solicitarem a exclus\u00e3o da disciplina dentro do prazo somente poder\u00e3o cursar novas disciplinas no PPGCCV mediante aprova\u00e7\u00e3o no processo seletivo [&hellip;]<\/p>\n","protected":false},"author":3,"featured_media":5195,"comment_status":"closed","ping_status":"closed","sticky":false,"template":"","format":"standard","meta":{"_exactmetrics_skip_tracking":false,"_exactmetrics_sitenote_active":false,"_exactmetrics_sitenote_note":"","_exactmetrics_sitenote_category":0,"footnotes":""},"categories":[2,4],"tags":[],"class_list":["post-7606","post","type-post","status-publish","format-standard","has-post-thumbnail","hentry","category-destaques","category-noticias"],"_links":{"self":[{"href":"http:\/\/poscardio.sites.uff.br\/index.php?rest_route=\/wp\/v2\/posts\/7606","targetHints":{"allow":["GET"]}}],"collection":[{"href":"http:\/\/poscardio.sites.uff.br\/index.php?rest_route=\/wp\/v2\/posts"}],"about":[{"href":"http:\/\/poscardio.sites.uff.br\/index.php?rest_route=\/wp\/v2\/types\/post"}],"author":[{"embeddable":true,"href":"http:\/\/poscardio.sites.uff.br\/index.php?rest_route=\/wp\/v2\/users\/3"}],"replies":[{"embeddable":true,"href":"http:\/\/poscardio.sites.uff.br\/index.php?rest_route=%2Fwp%2Fv2%2Fcomments&post=7606"}],"version-history":[{"count":4,"href":"http:\/\/poscardio.sites.uff.br\/index.php?rest_route=\/wp\/v2\/posts\/7606\/revisions"}],"predecessor-version":[{"id":7610,"href":"http:\/\/poscardio.sites.uff.br\/index.php?rest_route=\/wp\/v2\/posts\/7606\/revisions\/7610"}],"wp:featuredmedia":[{"embeddable":true,"href":"http:\/\/poscardio.sites.uff.br\/index.php?rest_route=\/wp\/v2\/media\/5195"}],"wp:attachment":[{"href":"http:\/\/poscardio.sites.uff.br\/index.php?rest_route=%2Fwp%2Fv2%2Fmedia&parent=7606"}],"wp:term":[{"taxonomy":"category","embeddable":true,"href":"http:\/\/poscardio.sites.uff.br\/index.php?rest_route=%2Fwp%2Fv2%2Fcategories&post=7606"},{"taxonomy":"post_tag","embeddable":true,"href":"http:\/\/poscardio.sites.uff.br\/index.php?rest_route=%2Fwp%2Fv2%2Ftags&post=7606"}],"curies":[{"name":"wp","href":"https:\/\/api.w.org\/{rel}","templated":true}]}}