{"id":7547,"date":"2025-07-29T14:43:48","date_gmt":"2025-07-29T14:43:48","guid":{"rendered":"http:\/\/poscardio.sites.uff.br\/?p=7547"},"modified":"2025-08-15T11:49:37","modified_gmt":"2025-08-15T11:49:37","slug":"inscricoes-abertas-para-o-programa-md-phd-de-medicina-da-uff-selecao-2025-2","status":"publish","type":"post","link":"http:\/\/poscardio.sites.uff.br\/?p=7547","title":{"rendered":"Resultado Final \u2013 Programa MD-PhD em Medicina da UFF | Sele\u00e7\u00e3o 2025\/2"},"content":{"rendered":"\n<p>Clique <a href=\"http:\/\/poscardio.sites.uff.br\/wp-content\/uploads\/sites\/3\/2025\/08\/Resultado-Final-do-Processo-Seletivo-MD-PhD-2.2025.pdf\">aqui<\/a> para consultar o resultado final do processo seletivo.<\/p>\n\n\n\n<p>Conforme previsto no edital, ser\u00e3o aceitos&nbsp;<strong>recursos ao resultado preliminar at\u00e9 o dia 12\/08<\/strong>, exclusivamente por e-mail, atrav\u00e9s do endere\u00e7o:&nbsp;<a href=\"mailto:mdphd.cmm@id.uff.br\" target=\"_blank\" rel=\"noreferrer noopener\">mdphd.cmm@id.uff.br<\/a><\/p>\n\n\n\n<p>Clique <a href=\"http:\/\/poscardio.sites.uff.br\/wp-content\/uploads\/sites\/3\/2025\/08\/Homologacao-do-MD-PhD-2025.2.pdf\">aqui<\/a> para consultar o resultado da homologa\u00e7\u00e3o das inscri\u00e7\u00f5es.<\/p>\n\n\n\n<h3 class=\"wp-block-heading\">Inscri\u00e7\u00f5es encerradas!<\/h3>\n\n\n\n<p>\ud83d\udcc5 <strong>Per\u00edodo de inscri\u00e7\u00e3o:<\/strong> de <strong>29 de julho a 01 de agosto de 2025<\/strong><br>\ud83d\udd58 <strong>Prazo final:<\/strong> at\u00e9 as <strong>23h59<\/strong> do dia 01\/08<br>\ud83d\udcc4 <strong>Inscreva-se aqui:<\/strong> <a class=\"\" href=\"https:\/\/forms.gle\/eDQ7HWfDspgJYDtc6\">Formul\u00e1rio de Inscri\u00e7\u00e3o<\/a><\/p>\n\n\n\n<p>Os alunos classificados nesta fase ter\u00e3o habilita\u00e7\u00e3o para cursar o <strong>Programa de Treinamento Cient\u00edfico (PTC)<\/strong> previsto no regimento do MD-PhD. Com dura\u00e7\u00e3o m\u00ednima de 12 meses, o PTC inclui:<\/p>\n\n\n\n<ul class=\"wp-block-list\">\n<li>Aulas te\u00f3ricas de treinamento em pesquisa (metodologia, bioestat\u00edstica e outros temas);<\/li>\n\n\n\n<li>Desenvolvimento de um projeto de pesquisa de doutorado;<\/li>\n\n\n\n<li>Apresenta\u00e7\u00e3o do projeto a uma banca mista formada pelos Programas de P\u00f3s-Gradua\u00e7\u00e3o e pela Coordena\u00e7\u00e3o do Programa de Inicia\u00e7\u00e3o Cient\u00edfica.<\/li>\n<\/ul>\n\n\n\n<p>\ud83d\udd0e <strong>Leia atentamente o edital:<\/strong><br>\ud83d\udcc2 <a class=\"\" href=\"https:\/\/drive.google.com\/drive\/folders\/1nfzewEplI6J2vk8EjHAXRM_hpCcUsRrl?usp=sharing\">Acesse aqui o edital<\/a><\/p>\n\n\n\n<p>\u26a0\ufe0f <strong>Aten\u00e7\u00e3o:<\/strong><\/p>\n\n\n\n<ul class=\"wp-block-list\">\n<li>TODA a documenta\u00e7\u00e3o exigida deve ser enviada no ato da inscri\u00e7\u00e3o;<\/li>\n\n\n\n<li>Inscri\u00e7\u00f5es incompletas ou fora do prazo ser\u00e3o indeferidas;<\/li>\n\n\n\n<li>Documentos adicionais n\u00e3o ser\u00e3o aceitos ap\u00f3s o envio do formul\u00e1rio.<\/li>\n<\/ul>\n\n\n\n<p>\ud83d\udce9 D\u00favidas: <strong><a>mdphd.cmm@id.uff.br<\/a><\/strong><\/p>\n\n\n\n<p><strong>Coordena\u00e7\u00e3o do Programa MD-PhD:<\/strong><br>Prof. Claudio Tinoco Mesquita<br><\/p>\n\n\n\n<p><\/p>\n","protected":false},"excerpt":{"rendered":"<p>Clique aqui para consultar o resultado final do processo seletivo. Conforme previsto no edital, ser\u00e3o aceitos&nbsp;recursos ao resultado preliminar at\u00e9 o dia 12\/08, exclusivamente por e-mail, atrav\u00e9s do endere\u00e7o:&nbsp;mdphd.cmm@id.uff.br Clique aqui para consultar o resultado da homologa\u00e7\u00e3o das inscri\u00e7\u00f5es. Inscri\u00e7\u00f5es encerradas! \ud83d\udcc5 Per\u00edodo de inscri\u00e7\u00e3o: de 29 de julho a 01 de agosto de 2025\ud83d\udd58 [&hellip;]<\/p>\n","protected":false},"author":3,"featured_media":7545,"comment_status":"closed","ping_status":"closed","sticky":false,"template":"","format":"standard","meta":{"_exactmetrics_skip_tracking":false,"_exactmetrics_sitenote_active":false,"_exactmetrics_sitenote_note":"","_exactmetrics_sitenote_category":0,"footnotes":""},"categories":[2,4],"tags":[],"class_list":["post-7547","post","type-post","status-publish","format-standard","has-post-thumbnail","hentry","category-destaques","category-noticias"],"_links":{"self":[{"href":"http:\/\/poscardio.sites.uff.br\/index.php?rest_route=\/wp\/v2\/posts\/7547","targetHints":{"allow":["GET"]}}],"collection":[{"href":"http:\/\/poscardio.sites.uff.br\/index.php?rest_route=\/wp\/v2\/posts"}],"about":[{"href":"http:\/\/poscardio.sites.uff.br\/index.php?rest_route=\/wp\/v2\/types\/post"}],"author":[{"embeddable":true,"href":"http:\/\/poscardio.sites.uff.br\/index.php?rest_route=\/wp\/v2\/users\/3"}],"replies":[{"embeddable":true,"href":"http:\/\/poscardio.sites.uff.br\/index.php?rest_route=%2Fwp%2Fv2%2Fcomments&post=7547"}],"version-history":[{"count":9,"href":"http:\/\/poscardio.sites.uff.br\/index.php?rest_route=\/wp\/v2\/posts\/7547\/revisions"}],"predecessor-version":[{"id":7583,"href":"http:\/\/poscardio.sites.uff.br\/index.php?rest_route=\/wp\/v2\/posts\/7547\/revisions\/7583"}],"wp:featuredmedia":[{"embeddable":true,"href":"http:\/\/poscardio.sites.uff.br\/index.php?rest_route=\/wp\/v2\/media\/7545"}],"wp:attachment":[{"href":"http:\/\/poscardio.sites.uff.br\/index.php?rest_route=%2Fwp%2Fv2%2Fmedia&parent=7547"}],"wp:term":[{"taxonomy":"category","embeddable":true,"href":"http:\/\/poscardio.sites.uff.br\/index.php?rest_route=%2Fwp%2Fv2%2Fcategories&post=7547"},{"taxonomy":"post_tag","embeddable":true,"href":"http:\/\/poscardio.sites.uff.br\/index.php?rest_route=%2Fwp%2Fv2%2Ftags&post=7547"}],"curies":[{"name":"wp","href":"https:\/\/api.w.org\/{rel}","templated":true}]}}