{"id":7472,"date":"2025-07-04T15:27:53","date_gmt":"2025-07-04T15:27:53","guid":{"rendered":"http:\/\/poscardio.sites.uff.br\/?p=7472"},"modified":"2025-08-28T23:16:31","modified_gmt":"2025-08-28T23:16:31","slug":"%f0%9f%93%9d-processo-seletivo-2025-2-mestrado-e-doutorado-em-ciencias-cardiovasculares-ppgccv-uff","status":"publish","type":"post","link":"http:\/\/poscardio.sites.uff.br\/?p=7472","title":{"rendered":"Processo Seletivo 2025.2 \u2013 Mestrado e Doutorado em Ci\u00eancias Cardiovasculares (PPGCCV\/UFF): Resultado Final Homologado"},"content":{"rendered":"\n<p>Informamos que n\u00e3o houve interposi\u00e7\u00e3o de recursos no prazo estabelecido. Dessa forma, o <strong>resultado final<\/strong> permanece inalterado em rela\u00e7\u00e3o ao resultado preliminar.<\/p>\n\n\n\n<p>O resultado foi <strong>homologado<\/strong> na reuni\u00e3o do Colegiado realizada em <strong>28 de agosto de 2025<\/strong>.<\/p>\n\n\n\n<p><a href=\"http:\/\/poscardio.sites.uff.br\/wp-content\/uploads\/sites\/3\/2025\/08\/ResultadoSelecaoDoutorado_2025.2_PPGCCV_assinado_assinado_assinado.pdf\">Resultado final do Doutorado.<\/a><\/p>\n\n\n\n<p><a href=\"http:\/\/poscardio.sites.uff.br\/wp-content\/uploads\/sites\/3\/2025\/08\/Planilha-Selecao-Mestrado-PPGCCV-2025.2-1.pdf\">Resultado final do Mestrado.<\/a><\/p>\n\n\n\n<p>Prazo para interposi\u00e7\u00e3o de recursos encerrado.<\/p>\n\n\n\n<p>Clique <a href=\"http:\/\/poscardio.sites.uff.br\/wp-content\/uploads\/sites\/3\/2025\/08\/2a-FASE-\u2013-MODELO-CRONOGRAMA-DE-ENTREVISTAS-MESTRADO.pdf\">aqui<\/a> para baixar o cronograma das entrevistas &#8211; n\u00edvel Mestrado<\/p>\n\n\n\n<p>Clique <a href=\"http:\/\/poscardio.sites.uff.br\/wp-content\/uploads\/sites\/3\/2025\/08\/Cronograma-selecao-doutorado-2025.2.pdf\">aqui <\/a>para baixar o cronograma das entrevistas &#8211; n\u00edvel Doutorado<\/p>\n\n\n\n<pre class=\"wp-block-code\"><code>\nClique <a href=\"http:\/\/poscardio.sites.uff.br\/wp-content\/uploads\/sites\/3\/2025\/08\/Resultados-1a-fase-selecao-PPGCCV-20252.docx.pdf\">aqui<\/a> para consultar o resultado da prova de ingl\u00eas.\n\n<a href=\"http:\/\/poscardio.sites.uff.br\/wp-content\/uploads\/sites\/3\/2025\/08\/Inscricoes-deferidas-selecao-2025.2-Mestrado.pdf\">Mestrado: inscri\u00e7\u00f5es deferidas para o processo seletivo 2025.2 do PPGCCV.<\/a>\n<a href=\"http:\/\/poscardio.sites.uff.br\/wp-content\/uploads\/sites\/3\/2025\/08\/Inscricoes-deferidas-selecao-2025.2-Doutorado.pdf\">Doutorado: inscri\u00e7\u00f5es deferidas para o processo seletivo 2025.2 do PPGCCV.<\/a><\/code><\/pre>\n\n\n\n<p>O Programa de P\u00f3s-Gradua\u00e7\u00e3o em Ci\u00eancias Cardiovasculares (PPGCCV\/UFF) divulga o cronograma e as informa\u00e7\u00f5es do Processo Seletivo 2025.2 para os cursos de Mestrado e Doutorado.<\/p>\n\n\n\n<p>\ud83d\udcc4 <strong>Editais completos dispon\u00edveis em:<\/strong><br>\ud83d\udc49 <a class=\"\" href=\"http:\/\/poscardio.sites.uff.br\/?page_id=4612\">http:\/\/poscardio.sites.uff.br\/?page_id=4612<\/a><\/p>\n\n\n\n<h2 class=\"wp-block-heading\">\ud83c\udf93 <strong>\u00c1reas de concentra\u00e7\u00e3o e vagas anuais<\/strong><\/h2>\n\n\n\n<ul class=\"wp-block-list\">\n<li><strong>Cardiologia<\/strong><br>\u2022 Mestrado: 16 vagas para brasileiros, 1 para estrangeiros<br>\u2022 Doutorado: 16 vagas para brasileiros, 1 para estrangeiros<\/li>\n\n\n\n<li><strong>Ci\u00eancias Biom\u00e9dicas<\/strong><br>\u2022 Mestrado: 16 vagas para brasileiros, 1 para estrangeiros<br>\u2022 Doutorado: 16 vagas para brasileiros, 1 para estrangeiros<\/li>\n<\/ul>\n\n\n\n<p>\ud83c\udfaf <strong>P\u00fablico-alvo e pr\u00e9-requisitos<\/strong><\/p>\n\n\n\n<p>Podem se candidatar profissionais com gradua\u00e7\u00e3o em Medicina, em carreiras da \u00e1rea das Ci\u00eancias Biom\u00e9dicas ou em outras \u00e1reas de interesse em Ci\u00eancias Cardiovasculares, conforme a \u00e1rea de concentra\u00e7\u00e3o escolhida:<\/p>\n\n\n\n<p>Ci\u00eancias Biom\u00e9dicas: apresentar documento comprobat\u00f3rio de gradua\u00e7\u00e3o em \u00e1reas biom\u00e9dicas ou correlatas (curso reconhecido pelo MEC).<\/p>\n\n\n\n<p>Cardiologia: apresentar documento comprobat\u00f3rio de gradua\u00e7\u00e3o em Medicina (curso reconhecido pelo MEC).<\/p>\n\n\n\n<p>\ud83c\udfaf <strong>Crit\u00e9rios de Sele\u00e7\u00e3o<\/strong><\/p>\n\n\n\n<p>A sele\u00e7\u00e3o ser\u00e1 composta por duas etapas:<\/p>\n\n\n\n<ol class=\"wp-block-list\">\n<li><strong>Primeira etapa (eliminat\u00f3ria):<\/strong>\n<ul class=\"wp-block-list\">\n<li>Prova de ingl\u00eas, aplicada pelo Programa ou de forma terceirizada, via envio de question\u00e1rio Google Forms.<\/li>\n<\/ul>\n<\/li>\n\n\n\n<li><strong>Segunda etapa:<\/strong>\n<ul class=\"wp-block-list\">\n<li>Avalia\u00e7\u00e3o de curr\u00edculo (classificat\u00f3ria)<\/li>\n\n\n\n<li>Apresenta\u00e7\u00e3o do anteprojeto por v\u00eddeo (m\u00e1ximo 10 minutos), com envio at\u00e9 o prazo definido no edital (eliminat\u00f3ria)<\/li>\n\n\n\n<li>Entrevista online via Google Meet, em hor\u00e1rio definido pela banca.<\/li>\n<\/ul>\n<\/li>\n<\/ol>\n\n\n\n<h2 class=\"wp-block-heading\">\ud83d\udccc <strong>Cronograma do Processo seletivo:<\/strong><\/h2>\n\n\n\n<p>\u25cf Inscri\u00e7\u00f5es: 04 a 07\/08;<\/p>\n\n\n\n<p>\u25cf Aprecia\u00e7\u00e3o das Inscri\u00e7\u00f5es: 08\/08; <\/p>\n\n\n\n<p><em>\u25cf Prova de ingl\u00eas online: 12 e 13\/08; <\/em><\/p>\n\n\n\n<p><em>\u25cf Resultado da prova de ingl\u00eas: 15\/08; <\/em><\/p>\n\n\n\n<p><em>\u25cf Envio dos v\u00eddeos com a apresenta\u00e7\u00e3o do anteprojeto pelos aprovados na 1a fase: 18\/08; <\/em><\/p>\n\n\n\n<p><em>\u25cf Entrevistas online: 21\/08; <\/em><\/p>\n\n\n\n<p><em>\u25cf Resultado preliminar do processo seletivo: 22\/08; <\/em><\/p>\n\n\n\n<p><em>\u25cf Recursos da 2a fase: at\u00e9 25\/08<\/em>;<\/p>\n\n\n\n<p>\u25cf Resultado final ap\u00f3s recursos: at\u00e9 28\/08.<\/p>\n\n\n\n<h3 class=\"wp-block-heading\">\ud83d\udcc6 <strong>Das Pol\u00edticas de A\u00e7\u00e3o Afirmativa (Vulnerabilidade Socioecon\u00f4mica)<\/strong><\/h3>\n\n\n\n<p>Clique <a href=\"http:\/\/poscardio.sites.uff.br\/wp-content\/uploads\/sites\/3\/2025\/07\/Relacao-de-Documentos-Pos-Graduacao-em-Ciencias-Cardiovasculares.pdf\" target=\"_blank\" rel=\"noreferrer noopener\">aqui<\/a> para ver a rela\u00e7\u00e3o de documentos exigidos para avalia\u00e7\u00e3o socioecon\u00f4mica.<\/p>\n\n\n\n<ul class=\"wp-block-list\">\n<li><strong>Retirada de d\u00favidas com a Divis\u00e3o de Servi\u00e7o Social da UFF<\/strong><br>\ud83d\uddd3\ufe0f 01 e 02\/08<br>\ud83d\udce9 E-mail: <a>dss.cas.proaes@id.uff.br<\/a><\/li>\n\n\n\n<li><strong>Envio da documenta\u00e7\u00e3o \u00e0 P\u00f3s-Gradua\u00e7\u00e3o<\/strong><br>\ud83d\uddd3\ufe0f 08 a 10\/08<\/li>\n\n\n\n<li><strong>Aprecia\u00e7\u00e3o do status pela Divis\u00e3o de Servi\u00e7o Social<\/strong><br>\ud83d\uddd3\ufe0f 11\/08<\/li>\n\n\n\n<li><strong>Resultado preliminar<\/strong><br>\ud83d\uddd3\ufe0f 15\/08, at\u00e9 as 14h<\/li>\n\n\n\n<li><strong>Per\u00edodo para recursos<\/strong><br>\ud83d\uddd3\ufe0f 16 a 18\/08, at\u00e9 as 14h<\/li>\n\n\n\n<li><strong>Resultado final<\/strong><br>\ud83d\uddd3\ufe0f 20\/08, at\u00e9 as 14h<\/li>\n<\/ul>\n\n\n\n<p>\ud83d\udcdd <strong>Forma de inscri\u00e7\u00e3o<\/strong><\/p>\n\n\n\n<p>As inscri\u00e7\u00f5es ser\u00e3o realizadas \u00e0 dist\u00e2ncia, mediante preenchimento do Formul\u00e1rio de Inscri\u00e7\u00e3o dispon\u00edvel no link abaixo:<\/p>\n\n\n\n<p><a href=\"https:\/\/forms.gle\/ofMumtHaY7u4c43q6\">https:\/\/forms.gle\/ofMumtHaY7u4c43q6<\/a><\/p>\n\n\n\n<p>O candidato dever\u00e1 anexar todos os documentos listados no edital, em alta resolu\u00e7\u00e3o, formato PDF, organizados e completos, at\u00e9 as 23h59 do \u00faltimo dia de inscri\u00e7\u00e3o.<\/p>\n\n\n\n<p>\ud83d\udcd1 <strong>Documentos obrigat\u00f3rios<\/strong><\/p>\n\n\n\n<ul class=\"wp-block-list\">\n<li>Formul\u00e1rio de inscri\u00e7\u00e3o (link no site)<\/li>\n\n\n\n<li>C\u00f3pia da Carteira de Identidade e CPF<\/li>\n\n\n\n<li>Comprovante de conclus\u00e3o do curso de gradua\u00e7\u00e3o em institui\u00e7\u00e3o reconhecida<\/li>\n\n\n\n<li>Curr\u00edculo Lattes atualizado, com comprova\u00e7\u00e3o de t\u00edtulos e atividades relevantes<\/li>\n\n\n\n<li>Foto 3&#215;4 recente<\/li>\n\n\n\n<li>Comprovante de pagamento da taxa de inscri\u00e7\u00e3o<\/li>\n\n\n\n<li>Anteprojeto de tese conforme as linhas de pesquisa do programa<\/li>\n\n\n\n<li>Carta de apresenta\u00e7\u00e3o do orientador credenciado ao PPGCCV\/UFF<\/li>\n\n\n\n<li>Carta de inten\u00e7\u00e3o do candidato dirigida ao Coordenador do programa<\/li>\n\n\n\n<li>Declara\u00e7\u00e3o de op\u00e7\u00e3o pelas vagas destinadas \u00e0 A\u00e7\u00e3o Afirmativa (se for o caso), com laudo m\u00e9dico para pessoas com defici\u00eancia, quando aplic\u00e1vel<\/li>\n\n\n\n<li>Indica\u00e7\u00e3o de necessidades especiais para acessibilidade e tecnologia assistiva, com documenta\u00e7\u00e3o comprobat\u00f3ria, quando aplic\u00e1vel<\/li>\n\n\n\n<li>Declara\u00e7\u00e3o de A\u00e7\u00e3o Afirmativa para comprova\u00e7\u00e3o do direito \u00e0 prioridade e peso espec\u00edfico<\/li>\n<\/ul>\n\n\n\n<p>\ud83c\udf93 <strong>Bolsas<\/strong><\/p>\n\n\n\n<p>De acordo com as normas das ag\u00eancias de fomento, as bolsas devem ser alocadas para alunos em regime de dedica\u00e7\u00e3o exclusiva \u00e0 p\u00f3s-gradua\u00e7\u00e3o, ou seja, sem outra atividade remunerada. A depender da ag\u00eancia de fomento, alunos com outros v\u00ednculos associados a atividade remunerada poder\u00e3o se tornar eleg\u00edveis \u00e0 bolsa <strong>em caso de ociosidade<\/strong> (vide NORMATIVAS CAPES, CNPq, FAPERJ abaixo).<\/p>\n\n\n\n<p>Em adi\u00e7\u00e3o, de acordo com decis\u00e3o colegiada pr\u00e9via, as bolsas dispon\u00edveis dever\u00e3o ser implementadas respeitando a ordem de classifica\u00e7\u00e3o dos eleg\u00edveis na sele\u00e7\u00e3o para ingresso na PG. Cabe salientar que a consequente fila de espera instaurada para a bolsa \u00e9 extinta mediante a realiza\u00e7\u00e3o de uma nova sele\u00e7\u00e3o.<\/p>\n\n\n\n<p>Painel de bolsas PPGCCV: <a class=\"\" href=\"http:\/\/poscardio.sites.uff.br\/?page_id=6006\">http:\/\/poscardio.sites.uff.br\/?page_id=6006<\/a><\/p>\n\n\n\n<p>Resolu\u00e7\u00e3o CAPES: <a class=\"\" href=\"https:\/\/cad.capes.gov.br\/ato-administrativo-detalhar?idAtoAdmElastic=741#anchor\">https:\/\/cad.capes.gov.br\/ato-administrativo-detalhar?idAtoAdmElastic=741#anchor<\/a><\/p>\n\n\n\n<p>Resolu\u00e7\u00e3o FAPERJ: <a class=\"\" href=\"https:\/\/siteantigo.faperj.br\/downloads\/Instrucoes_para_Concessao_e_Execucao_de_Auxilios_e_Bolsas.pdf\">https:\/\/siteantigo.faperj.br\/downloads\/Instrucoes_para_Concessao_e_Execucao_de_Auxilios_e_Bolsas.pdf<\/a><\/p>\n\n\n\n<p>Resolu\u00e7\u00e3o CNPq: <a class=\"\" href=\"http:\/\/memoria2.cnpq.br\/web\/guest\/view\/-\/journal_content\/56_INSTANCE_0oED\/10157\/2779265\">http:\/\/memoria2.cnpq.br\/web\/guest\/view\/-\/journal_content\/56_INSTANCE_0oED\/10157\/2779265<\/a><\/p>\n\n\n\n<p>\ud83d\udce9 <strong>D\u00favidas e informa\u00e7\u00f5es:<\/strong><br>Todas as d\u00favidas referentes ao processo seletivo devem ser enviadas para:<br><a>ppgccv.cmm@id.uff.br<\/a><\/p>\n\n\n\n<p><\/p>\n","protected":false},"excerpt":{"rendered":"<p>Informamos que n\u00e3o houve interposi\u00e7\u00e3o de recursos no prazo estabelecido. Dessa forma, o resultado final permanece inalterado em rela\u00e7\u00e3o ao resultado preliminar. O resultado foi homologado na reuni\u00e3o do Colegiado realizada em 28 de agosto de 2025. Resultado final do Doutorado. Resultado final do Mestrado. Prazo para interposi\u00e7\u00e3o de recursos encerrado. Clique aqui para baixar [&hellip;]<\/p>\n","protected":false},"author":3,"featured_media":7473,"comment_status":"closed","ping_status":"closed","sticky":false,"template":"","format":"standard","meta":{"_exactmetrics_skip_tracking":false,"_exactmetrics_sitenote_active":false,"_exactmetrics_sitenote_note":"","_exactmetrics_sitenote_category":0,"footnotes":""},"categories":[2,4],"tags":[],"class_list":["post-7472","post","type-post","status-publish","format-standard","has-post-thumbnail","hentry","category-destaques","category-noticias"],"_links":{"self":[{"href":"http:\/\/poscardio.sites.uff.br\/index.php?rest_route=\/wp\/v2\/posts\/7472","targetHints":{"allow":["GET"]}}],"collection":[{"href":"http:\/\/poscardio.sites.uff.br\/index.php?rest_route=\/wp\/v2\/posts"}],"about":[{"href":"http:\/\/poscardio.sites.uff.br\/index.php?rest_route=\/wp\/v2\/types\/post"}],"author":[{"embeddable":true,"href":"http:\/\/poscardio.sites.uff.br\/index.php?rest_route=\/wp\/v2\/users\/3"}],"replies":[{"embeddable":true,"href":"http:\/\/poscardio.sites.uff.br\/index.php?rest_route=%2Fwp%2Fv2%2Fcomments&post=7472"}],"version-history":[{"count":27,"href":"http:\/\/poscardio.sites.uff.br\/index.php?rest_route=\/wp\/v2\/posts\/7472\/revisions"}],"predecessor-version":[{"id":7604,"href":"http:\/\/poscardio.sites.uff.br\/index.php?rest_route=\/wp\/v2\/posts\/7472\/revisions\/7604"}],"wp:featuredmedia":[{"embeddable":true,"href":"http:\/\/poscardio.sites.uff.br\/index.php?rest_route=\/wp\/v2\/media\/7473"}],"wp:attachment":[{"href":"http:\/\/poscardio.sites.uff.br\/index.php?rest_route=%2Fwp%2Fv2%2Fmedia&parent=7472"}],"wp:term":[{"taxonomy":"category","embeddable":true,"href":"http:\/\/poscardio.sites.uff.br\/index.php?rest_route=%2Fwp%2Fv2%2Fcategories&post=7472"},{"taxonomy":"post_tag","embeddable":true,"href":"http:\/\/poscardio.sites.uff.br\/index.php?rest_route=%2Fwp%2Fv2%2Ftags&post=7472"}],"curies":[{"name":"wp","href":"https:\/\/api.w.org\/{rel}","templated":true}]}}