{"id":7455,"date":"2025-07-03T16:55:38","date_gmt":"2025-07-03T16:55:38","guid":{"rendered":"http:\/\/poscardio.sites.uff.br\/?p=7455"},"modified":"2025-07-10T19:41:59","modified_gmt":"2025-07-10T19:41:59","slug":"iv-simposio-internacional-do-programa-de-pos-graduacao-em-ciencias-cardiovasculares-uff-40-anos","status":"publish","type":"post","link":"http:\/\/poscardio.sites.uff.br\/?p=7455","title":{"rendered":"IV Simp\u00f3sio Internacional do Programa de P\u00f3s-Gradua\u00e7\u00e3o em Ci\u00eancias Cardiovasculares \u2013 UFF \u2013 40 anos"},"content":{"rendered":"\n<p>O Programa de P\u00f3s-Gradua\u00e7\u00e3o em Ci\u00eancias Cardiovasculares da Universidade Federal Fluminense realizou, no dia <strong>09 de julho de 2025<\/strong>, o <strong>IV Simp\u00f3sio Internacional sobre Insufici\u00eancia Card\u00edaca e Miocardiopatias<\/strong>, marcando os <strong>40 anos do Programa<\/strong>.<\/p>\n\n\n\n<p>O evento ocorreu no <strong>Anfiteatro Aloysio de Paula<\/strong> do Hospital Universit\u00e1rio Ant\u00f4nio Pedro (HUAP\/EBSERH), das 7h \u00e0s 13h30, com transmiss\u00e3o ao vivo pelo YouTube.<\/p>\n\n\n\n<p><strong>Coordena\u00e7\u00e3o:<\/strong><\/p>\n\n\n\n<ul class=\"wp-block-list\">\n<li>Prof. Evandro Tinoco Mesquita (Cardiologia\/UFF)<\/li>\n\n\n\n<li>Profa. Ana Fl\u00e1via Malheiros Torbey (Pediatria\/UFF)<\/li>\n\n\n\n<li>Profa. Aurea Grippa (Diretora do EBSERH\/HUAP e Professora de Pediatria\/UFF)<\/li>\n\n\n\n<li>Profa. Ana Carla Cavalcanti (Enfermagem\/UFF)<\/li>\n\n\n\n<li>Profa. Diane \u00c1vila (Faculdade de Ci\u00eancias M\u00e9dicas de Maric\u00e1 \u2013 FACMAR)<\/li>\n\n\n\n<li>Profa. M\u00e1rcia Cl\u00e1udia Ribeiro Dias (Secretaria Municipal de Sa\u00fade de Niter\u00f3i)<\/li>\n<\/ul>\n\n\n\n<p><strong>Comiss\u00e3o Organizadora:<\/strong><\/p>\n\n\n\n<ul class=\"wp-block-list\">\n<li>Isabela Lira Vieira<\/li>\n\n\n\n<li>Gabriel Mangas<\/li>\n\n\n\n<li>C\u00e9sar Galleti<\/li>\n\n\n\n<li>Jos\u00e9 Greg\u00f3rio Valero Rodriguez (aluno MD-PhD\/UFF)<\/li>\n<\/ul>\n\n\n\n<p><strong>Principais Temas Abordados:<\/strong><\/p>\n\n\n\n<ul class=\"wp-block-list\">\n<li>Aten\u00e7\u00e3o cardiovascular em Niter\u00f3i<\/li>\n\n\n\n<li>Cardiologia no HUAP\/EBSERH<\/li>\n\n\n\n<li>Cardioncologia e reabilita\u00e7\u00e3o card\u00edaca em pacientes oncol\u00f3gicos<\/li>\n\n\n\n<li>Insufici\u00eancia card\u00edaca na aten\u00e7\u00e3o prim\u00e1ria e o novo PCDT do Minist\u00e9rio da Sa\u00fade<\/li>\n\n\n\n<li>Cardiogen\u00e9tica e registros de miocardiopatias em crian\u00e7as, adolescentes e adultos na Regi\u00e3o Metropolitana II do RJ<\/li>\n\n\n\n<li>Medicina nuclear e PET-CT em IC e miocardiopatias<\/li>\n\n\n\n<li>Aplica\u00e7\u00e3o de testes gen\u00e9ticos no SUS (RENOMICA)<\/li>\n\n\n\n<li>Amiloidose card\u00edaca como nova epidemia cardiovascular<\/li>\n\n\n\n<li>M\u00f3dulo internacional com a experi\u00eancia do Reino Unido no projeto BIO-BANK-UK<\/li>\n\n\n\n<li>O legado do Professor Raul Pareto na forma\u00e7\u00e3o em cardiologia na UFF<\/li>\n\n\n\n<li>O papel do professor de medicina no s\u00e9culo XXI<\/li>\n<\/ul>\n\n\n\n<p><strong>Homenagens:<\/strong><br>O encerramento contou com <strong>a entrega de homenagens alusivas ao Dia Municipal de Alerta da Insufici\u00eancia Card\u00edaca em Niter\u00f3i<\/strong>, reconhecendo profissionais e docentes pela relevante contribui\u00e7\u00e3o ao ensino, pesquisa e assist\u00eancia na \u00e1rea cardiovascular.<\/p>\n\n\n\n<p>O evento reuniu <strong>professores, pesquisadores, alunos de p\u00f3s-gradua\u00e7\u00e3o (incluindo o programa MD-PhD em Medicina), profissionais de sa\u00fade e convidados especiais, fortalecendo o compromisso com a integra\u00e7\u00e3o entre ensino, pesquisa, assist\u00eancia e inova\u00e7\u00e3o em sa\u00fade cardiovascular.<\/strong><\/p>\n\n\n\n<figure class=\"wp-block-image size-large\"><img loading=\"lazy\" decoding=\"async\" width=\"1024\" height=\"576\" src=\"http:\/\/poscardio.sites.uff.br\/wp-content\/uploads\/sites\/3\/2025\/07\/WhatsApp-Image-2025-07-10-at-16.09.45-1024x576.jpeg\" alt=\"\" class=\"wp-image-7496\" srcset=\"http:\/\/poscardio.sites.uff.br\/wp-content\/uploads\/sites\/3\/2025\/07\/WhatsApp-Image-2025-07-10-at-16.09.45-1024x576.jpeg 1024w, http:\/\/poscardio.sites.uff.br\/wp-content\/uploads\/sites\/3\/2025\/07\/WhatsApp-Image-2025-07-10-at-16.09.45-300x169.jpeg 300w, http:\/\/poscardio.sites.uff.br\/wp-content\/uploads\/sites\/3\/2025\/07\/WhatsApp-Image-2025-07-10-at-16.09.45-768x432.jpeg 768w, http:\/\/poscardio.sites.uff.br\/wp-content\/uploads\/sites\/3\/2025\/07\/WhatsApp-Image-2025-07-10-at-16.09.45-1536x864.jpeg 1536w, http:\/\/poscardio.sites.uff.br\/wp-content\/uploads\/sites\/3\/2025\/07\/WhatsApp-Image-2025-07-10-at-16.09.45.jpeg 1600w\" sizes=\"auto, (max-width: 1024px) 100vw, 1024px\" \/><figcaption class=\"wp-element-caption\">Mesa de abertura do IV Simp\u00f3sio Internacional sobre Insufici\u00eancia Card\u00edaca e Miocardiopatias, com participa\u00e7\u00e3o de docentes e gestores.<\/figcaption><\/figure>\n\n\n\n<figure class=\"wp-block-image size-large\"><img loading=\"lazy\" decoding=\"async\" width=\"1024\" height=\"576\" src=\"http:\/\/poscardio.sites.uff.br\/wp-content\/uploads\/sites\/3\/2025\/07\/WhatsApp-Image-2025-07-10-at-16.12.15-1024x576.jpeg\" alt=\"\" class=\"wp-image-7497\" srcset=\"http:\/\/poscardio.sites.uff.br\/wp-content\/uploads\/sites\/3\/2025\/07\/WhatsApp-Image-2025-07-10-at-16.12.15-1024x576.jpeg 1024w, http:\/\/poscardio.sites.uff.br\/wp-content\/uploads\/sites\/3\/2025\/07\/WhatsApp-Image-2025-07-10-at-16.12.15-300x169.jpeg 300w, http:\/\/poscardio.sites.uff.br\/wp-content\/uploads\/sites\/3\/2025\/07\/WhatsApp-Image-2025-07-10-at-16.12.15-768x432.jpeg 768w, http:\/\/poscardio.sites.uff.br\/wp-content\/uploads\/sites\/3\/2025\/07\/WhatsApp-Image-2025-07-10-at-16.12.15-1536x864.jpeg 1536w, http:\/\/poscardio.sites.uff.br\/wp-content\/uploads\/sites\/3\/2025\/07\/WhatsApp-Image-2025-07-10-at-16.12.15.jpeg 1600w\" sizes=\"auto, (max-width: 1024px) 100vw, 1024px\" \/><figcaption class=\"wp-element-caption\">Participa\u00e7\u00e3o de profissionais, pesquisadores e estudantes durante as palestras do simp\u00f3sio.<\/figcaption><\/figure>\n\n\n<div class=\"wp-block-image\">\n<figure class=\"aligncenter size-large\"><img loading=\"lazy\" decoding=\"async\" width=\"576\" height=\"1024\" src=\"http:\/\/poscardio.sites.uff.br\/wp-content\/uploads\/sites\/3\/2025\/07\/WhatsApp-Image-2025-07-10-at-16.17.56-576x1024.jpeg\" alt=\"\" class=\"wp-image-7498\" srcset=\"http:\/\/poscardio.sites.uff.br\/wp-content\/uploads\/sites\/3\/2025\/07\/WhatsApp-Image-2025-07-10-at-16.17.56-576x1024.jpeg 576w, http:\/\/poscardio.sites.uff.br\/wp-content\/uploads\/sites\/3\/2025\/07\/WhatsApp-Image-2025-07-10-at-16.17.56-169x300.jpeg 169w, http:\/\/poscardio.sites.uff.br\/wp-content\/uploads\/sites\/3\/2025\/07\/WhatsApp-Image-2025-07-10-at-16.17.56-768x1365.jpeg 768w, http:\/\/poscardio.sites.uff.br\/wp-content\/uploads\/sites\/3\/2025\/07\/WhatsApp-Image-2025-07-10-at-16.17.56-864x1536.jpeg 864w, http:\/\/poscardio.sites.uff.br\/wp-content\/uploads\/sites\/3\/2025\/07\/WhatsApp-Image-2025-07-10-at-16.17.56.jpeg 900w\" sizes=\"auto, (max-width: 576px) 100vw, 576px\" \/><figcaption class=\"wp-element-caption\">Entrega de homenagem alusiva ao Dia Municipal de Alerta da Insufici\u00eancia Card\u00edaca em Niter\u00f3i. Na foto, a aluna de doutorado do PPGCCV Ana Fl\u00e1via Malheiros Torbey (\u00e0 direita) entrega a homenagem para Aurea Lucia Grippa (\u00e0 esquerda).<\/figcaption><\/figure><\/div>\n\n<div class=\"wp-block-image\">\n<figure class=\"aligncenter size-large\"><img loading=\"lazy\" decoding=\"async\" width=\"576\" height=\"1024\" src=\"http:\/\/poscardio.sites.uff.br\/wp-content\/uploads\/sites\/3\/2025\/07\/WhatsApp-Image-2025-07-10-at-16.10.54-576x1024.jpeg\" alt=\"\" class=\"wp-image-7499\" srcset=\"http:\/\/poscardio.sites.uff.br\/wp-content\/uploads\/sites\/3\/2025\/07\/WhatsApp-Image-2025-07-10-at-16.10.54-576x1024.jpeg 576w, http:\/\/poscardio.sites.uff.br\/wp-content\/uploads\/sites\/3\/2025\/07\/WhatsApp-Image-2025-07-10-at-16.10.54-169x300.jpeg 169w, http:\/\/poscardio.sites.uff.br\/wp-content\/uploads\/sites\/3\/2025\/07\/WhatsApp-Image-2025-07-10-at-16.10.54-768x1365.jpeg 768w, http:\/\/poscardio.sites.uff.br\/wp-content\/uploads\/sites\/3\/2025\/07\/WhatsApp-Image-2025-07-10-at-16.10.54-864x1536.jpeg 864w, http:\/\/poscardio.sites.uff.br\/wp-content\/uploads\/sites\/3\/2025\/07\/WhatsApp-Image-2025-07-10-at-16.10.54.jpeg 900w\" sizes=\"auto, (max-width: 576px) 100vw, 576px\" \/><figcaption class=\"wp-element-caption\">Momento de confraterniza\u00e7\u00e3o e integra\u00e7\u00e3o entre os participantes no <em>coffee break<\/em>.<\/figcaption><\/figure><\/div>\n\n\n<figure class=\"wp-block-image size-large\"><img loading=\"lazy\" decoding=\"async\" width=\"1024\" height=\"576\" src=\"http:\/\/poscardio.sites.uff.br\/wp-content\/uploads\/sites\/3\/2025\/07\/WhatsApp-Image-2025-07-10-at-16.13.22-1024x576.jpeg\" alt=\"\" class=\"wp-image-7501\" srcset=\"http:\/\/poscardio.sites.uff.br\/wp-content\/uploads\/sites\/3\/2025\/07\/WhatsApp-Image-2025-07-10-at-16.13.22-1024x576.jpeg 1024w, http:\/\/poscardio.sites.uff.br\/wp-content\/uploads\/sites\/3\/2025\/07\/WhatsApp-Image-2025-07-10-at-16.13.22-300x169.jpeg 300w, http:\/\/poscardio.sites.uff.br\/wp-content\/uploads\/sites\/3\/2025\/07\/WhatsApp-Image-2025-07-10-at-16.13.22-768x432.jpeg 768w, http:\/\/poscardio.sites.uff.br\/wp-content\/uploads\/sites\/3\/2025\/07\/WhatsApp-Image-2025-07-10-at-16.13.22-1536x864.jpeg 1536w, http:\/\/poscardio.sites.uff.br\/wp-content\/uploads\/sites\/3\/2025\/07\/WhatsApp-Image-2025-07-10-at-16.13.22.jpeg 1600w\" sizes=\"auto, (max-width: 1024px) 100vw, 1024px\" \/><figcaption class=\"wp-element-caption\">Prof. Evandro Tinoco Mesquita, coordenador do evento e do Programa de P\u00f3s-Gradua\u00e7\u00e3o em Ci\u00eancias Cardiovasculares da UFF, durante sua palestra no simp\u00f3sio.<\/figcaption><\/figure>\n\n\n<div class=\"wp-block-image\">\n<figure class=\"aligncenter size-full is-resized\"><img loading=\"lazy\" decoding=\"async\" width=\"739\" height=\"900\" src=\"http:\/\/poscardio.sites.uff.br\/wp-content\/uploads\/sites\/3\/2025\/07\/WhatsApp-Image-2025-07-03-at-07.56.18-1.jpeg\" alt=\"\" class=\"wp-image-7452\" style=\"width:496px;height:604px\" srcset=\"http:\/\/poscardio.sites.uff.br\/wp-content\/uploads\/sites\/3\/2025\/07\/WhatsApp-Image-2025-07-03-at-07.56.18-1.jpeg 739w, http:\/\/poscardio.sites.uff.br\/wp-content\/uploads\/sites\/3\/2025\/07\/WhatsApp-Image-2025-07-03-at-07.56.18-1-246x300.jpeg 246w\" sizes=\"auto, (max-width: 739px) 100vw, 739px\" \/><\/figure><\/div>\n\n\n<p><\/p>\n","protected":false},"excerpt":{"rendered":"<p>O Programa de P\u00f3s-Gradua\u00e7\u00e3o em Ci\u00eancias Cardiovasculares da Universidade Federal Fluminense realizou, no dia 09 de julho de 2025, o IV Simp\u00f3sio Internacional sobre Insufici\u00eancia Card\u00edaca e Miocardiopatias, marcando os 40 anos do Programa. O evento ocorreu no Anfiteatro Aloysio de Paula do Hospital Universit\u00e1rio Ant\u00f4nio Pedro (HUAP\/EBSERH), das 7h \u00e0s 13h30, com transmiss\u00e3o ao [&hellip;]<\/p>\n","protected":false},"author":3,"featured_media":7496,"comment_status":"closed","ping_status":"closed","sticky":false,"template":"","format":"standard","meta":{"_exactmetrics_skip_tracking":false,"_exactmetrics_sitenote_active":false,"_exactmetrics_sitenote_note":"","_exactmetrics_sitenote_category":0,"footnotes":""},"categories":[2,4],"tags":[],"class_list":["post-7455","post","type-post","status-publish","format-standard","has-post-thumbnail","hentry","category-destaques","category-noticias"],"_links":{"self":[{"href":"http:\/\/poscardio.sites.uff.br\/index.php?rest_route=\/wp\/v2\/posts\/7455","targetHints":{"allow":["GET"]}}],"collection":[{"href":"http:\/\/poscardio.sites.uff.br\/index.php?rest_route=\/wp\/v2\/posts"}],"about":[{"href":"http:\/\/poscardio.sites.uff.br\/index.php?rest_route=\/wp\/v2\/types\/post"}],"author":[{"embeddable":true,"href":"http:\/\/poscardio.sites.uff.br\/index.php?rest_route=\/wp\/v2\/users\/3"}],"replies":[{"embeddable":true,"href":"http:\/\/poscardio.sites.uff.br\/index.php?rest_route=%2Fwp%2Fv2%2Fcomments&post=7455"}],"version-history":[{"count":6,"href":"http:\/\/poscardio.sites.uff.br\/index.php?rest_route=\/wp\/v2\/posts\/7455\/revisions"}],"predecessor-version":[{"id":7502,"href":"http:\/\/poscardio.sites.uff.br\/index.php?rest_route=\/wp\/v2\/posts\/7455\/revisions\/7502"}],"wp:featuredmedia":[{"embeddable":true,"href":"http:\/\/poscardio.sites.uff.br\/index.php?rest_route=\/wp\/v2\/media\/7496"}],"wp:attachment":[{"href":"http:\/\/poscardio.sites.uff.br\/index.php?rest_route=%2Fwp%2Fv2%2Fmedia&parent=7455"}],"wp:term":[{"taxonomy":"category","embeddable":true,"href":"http:\/\/poscardio.sites.uff.br\/index.php?rest_route=%2Fwp%2Fv2%2Fcategories&post=7455"},{"taxonomy":"post_tag","embeddable":true,"href":"http:\/\/poscardio.sites.uff.br\/index.php?rest_route=%2Fwp%2Fv2%2Ftags&post=7455"}],"curies":[{"name":"wp","href":"https:\/\/api.w.org\/{rel}","templated":true}]}}