{"id":7264,"date":"2025-02-14T15:09:26","date_gmt":"2025-02-14T15:09:26","guid":{"rendered":"http:\/\/poscardio.sites.uff.br\/?p=7264"},"modified":"2025-04-01T19:01:54","modified_gmt":"2025-04-01T19:01:54","slug":"chamada-para-selecao-interna-bolsas-mestrado-e-doutorado-nota-dez-da-faperj-2025-1-inscricoes-ate-18-02-2025","status":"publish","type":"post","link":"http:\/\/poscardio.sites.uff.br\/?p=7264","title":{"rendered":"Chamada para sele\u00e7\u00e3o interna \u2013 Bolsas mestrado e doutorado nota dez da FAPERJ 2025\/1 &#8211; Inscri\u00e7\u00f5es encerradas!"},"content":{"rendered":"\n<p>At\u00e9 13\/03\/2025, a FAPERJ receber\u00e1 indica\u00e7\u00e3o de alunos de programas de p\u00f3s-gradua\u00e7\u00e3o stricto sensu notas 5, 6 e 7 para concorrerem \u00e0 bolsa de mestrado e de doutorado nota dez:<br><a href=\"https:\/\/www.faperj.br\/rp\/downloads\/Edital_N%C2%BA_01_2025_Bolsa_NOTA10_Mestrado_e_Doutorado.pdf\" target=\"_blank\" rel=\"noreferrer noopener\">https:\/\/www.faperj.br\/rp\/downloads\/Edital_N%C2%BA_01_2025_Bolsa_NOTA10_Mestrado_e_Doutorado.pdf<\/a><\/p>\n\n\n\n<p>De acordo com a chamada FAPERJ 01\/2025, os alunos indicados dever\u00e3o ser previamente selecionados dentro das respectivas p\u00f3s-gradua\u00e7\u00f5es. O processo seletivo pode consistir, por exemplo, em uma prova ou na avalia\u00e7\u00e3o do curr\u00edculo lattes. O PPGCCV optou pelo segundo m\u00e9todo, a ser conduzido por uma banca. Desse modo, os alunos interessados dever\u00e3o enviar via formul\u00e1rio google, no prazo estipulado, os seguintes documentos:<\/p>\n\n\n\n<p><br>&#8211; Curr\u00edculo lattes atualizado- Planilha de auto pontua\u00e7\u00e3o (baixar o doc dispon\u00edvel em&nbsp;<a rel=\"noreferrer noopener\" href=\"https:\/\/docs.google.com\/spreadsheets\/d\/1TpoQUvZutHMKGhaCcqG-hUt2341vZ25XVsAfOCnaTmU\/edit?usp=sharing\" target=\"_blank\">https:\/\/docs.google.com\/spreadsheets\/d\/1TpoQUvZutHMKGhaCcqG-hUt2341vZ25XVsAfOCnaTmU\/edit?usp=sharing<\/a>&nbsp;, preench\u00ea-lo, convertendo em pdf para envio)<\/p>\n\n\n\n<p>&#8211; Documentos comprobat\u00f3rios das informa\u00e7\u00f5es dispostas no curr\u00edculo lattes e descritas na planilha de auto pontua\u00e7\u00e3o<\/p>\n\n\n\n<p>&#8211; Projeto da Disserta\u00e7\u00e3o ou Tese<\/p>\n\n\n\n<p>&#8211; Cronograma de trabalho<\/p>\n\n\n\n<p>&#8211; Hist\u00f3rico escolar, atualizado e assinado pela Coordena\u00e7\u00e3o do PPGCCV <\/p>\n\n\n\n<p>&#8211; Declara\u00e7\u00e3o de que o p\u00f3s-graduando n\u00e3o tem v\u00ednculo empregat\u00edcio (Anexo 3 do Edital)<\/p>\n\n\n\n<p>&#8211; Carta de anu\u00eancia do orientador, formato livre, informando inclusive da ci\u00eancia da sua participa\u00e7\u00e3o na parte operacional do envio da proposta a FAPERJ<\/p>\n\n\n\n<p><br>Cabe ressaltar que:<\/p>\n\n\n\n<p><br>&#8211; A categoria Mestrado Nota 10 contempla apenas os \u00faltimos 12 (doze) meses de curso para os alunos de mestrado (13\u00ba ao 24\u00ba m\u00eas) e n\u00e3o \u00e9 admitida a concess\u00e3o de bolsas de mestrado a partir do 25\u00ba m\u00eas de ingresso do aluno no Programa;&nbsp;<\/p>\n\n\n\n<p>&#8211; A categoria Doutorado Nota 10 contempla apenas os \u00faltimos 24 (vinte e quatro) meses de curso para os alunos de doutorado (25.\u00ba ao 48.\u00ba m\u00eas) e n\u00e3o \u00e9 admitida a concess\u00e3o de bolsas de doutorado a partir do 49\u00ba m\u00eas de ingresso do aluno no Programa;<\/p>\n\n\n\n<p>&#8211; N\u00e3o ser\u00e1 poss\u00edvel manter bolsa de qualquer outra modalidade durante a vig\u00eancia da bolsa nota dez FAPERJ;<br><\/p>\n\n\n\n<p><strong>Cronograma da Sele\u00e7\u00e3o Interna (2025\/1):<br><\/strong><br>&#8211;<strong>&nbsp;Envio das candidaturas: at\u00e9 18\/02\/2025<\/strong><br>&#8211; Avalia\u00e7\u00e3o pela banca: 20 a 24\/02\/2025<br>&#8211; Divulga\u00e7\u00e3o dos resultados: 25\/02\/2025<br>&#8211; Per\u00edodo de recursos: 26 e 27\/02\/2025<br>&#8211; Avalia\u00e7\u00e3o de recursos: 28\/02\/2025<br>&#8211; Homologa\u00e7\u00e3o dos resultados: 10\/03\/2025<br>&#8211; Indica\u00e7\u00e3o dos alunos selecionados no SISFAPERJ: 11 e 12\/03\/2025<br>&#8211; Prazo final para submiss\u00e3o \u00e0 FAPERJ: 13\/03\/2025<\/p>\n\n\n\n<p>Os alunos indicados, assim como a coordena\u00e7\u00e3o do programa e os respectivos orientadores participam da parte operacional junto ao SISFAPERJ. Maiores informa\u00e7\u00f5es podem ser encontradas no edital.<br><\/p>\n\n\n\n<p>O envio da candidatura deve ser feito no prazo estipulado atrav\u00e9s do link abaixo:<br><a rel=\"noreferrer noopener\" href=\"https:\/\/docs.google.com\/forms\/d\/e\/1FAIpQLScoJMo0rrWjEoZPjuOyo5j2EyM5h2718cUk7hqSr11ff_hElw\/viewform?usp=sharing\" target=\"_blank\">https:\/\/docs.google.com\/forms\/d\/e\/1FAIpQLScoJMo0rrWjEoZPjuOyo5j2EyM5h2718cUk7hqSr11ff_hElw\/viewform?usp=sharing<\/a><\/p>\n\n\n\n<p>Contato da Coordena\u00e7\u00e3o do PPGCCV: <a rel=\"noreferrer noopener\" href=\"mailto:ppgccv.cmm@id.uff.br\" target=\"_blank\">ppgccv.cmm@id.uff.br<\/a><\/p>\n","protected":false},"excerpt":{"rendered":"<p>At\u00e9 13\/03\/2025, a FAPERJ receber\u00e1 indica\u00e7\u00e3o de alunos de programas de p\u00f3s-gradua\u00e7\u00e3o stricto sensu notas 5, 6 e 7 para concorrerem \u00e0 bolsa de mestrado e de doutorado nota dez:https:\/\/www.faperj.br\/rp\/downloads\/Edital_N%C2%BA_01_2025_Bolsa_NOTA10_Mestrado_e_Doutorado.pdf De acordo com a chamada FAPERJ 01\/2025, os alunos indicados dever\u00e3o ser previamente selecionados dentro das respectivas p\u00f3s-gradua\u00e7\u00f5es. O processo seletivo pode consistir, por exemplo, [&hellip;]<\/p>\n","protected":false},"author":3,"featured_media":6365,"comment_status":"closed","ping_status":"closed","sticky":false,"template":"","format":"standard","meta":{"_exactmetrics_skip_tracking":false,"_exactmetrics_sitenote_active":false,"_exactmetrics_sitenote_note":"","_exactmetrics_sitenote_category":0,"footnotes":""},"categories":[4],"tags":[],"class_list":["post-7264","post","type-post","status-publish","format-standard","has-post-thumbnail","hentry","category-noticias"],"_links":{"self":[{"href":"http:\/\/poscardio.sites.uff.br\/index.php?rest_route=\/wp\/v2\/posts\/7264","targetHints":{"allow":["GET"]}}],"collection":[{"href":"http:\/\/poscardio.sites.uff.br\/index.php?rest_route=\/wp\/v2\/posts"}],"about":[{"href":"http:\/\/poscardio.sites.uff.br\/index.php?rest_route=\/wp\/v2\/types\/post"}],"author":[{"embeddable":true,"href":"http:\/\/poscardio.sites.uff.br\/index.php?rest_route=\/wp\/v2\/users\/3"}],"replies":[{"embeddable":true,"href":"http:\/\/poscardio.sites.uff.br\/index.php?rest_route=%2Fwp%2Fv2%2Fcomments&post=7264"}],"version-history":[{"count":2,"href":"http:\/\/poscardio.sites.uff.br\/index.php?rest_route=\/wp\/v2\/posts\/7264\/revisions"}],"predecessor-version":[{"id":7282,"href":"http:\/\/poscardio.sites.uff.br\/index.php?rest_route=\/wp\/v2\/posts\/7264\/revisions\/7282"}],"wp:featuredmedia":[{"embeddable":true,"href":"http:\/\/poscardio.sites.uff.br\/index.php?rest_route=\/wp\/v2\/media\/6365"}],"wp:attachment":[{"href":"http:\/\/poscardio.sites.uff.br\/index.php?rest_route=%2Fwp%2Fv2%2Fmedia&parent=7264"}],"wp:term":[{"taxonomy":"category","embeddable":true,"href":"http:\/\/poscardio.sites.uff.br\/index.php?rest_route=%2Fwp%2Fv2%2Fcategories&post=7264"},{"taxonomy":"post_tag","embeddable":true,"href":"http:\/\/poscardio.sites.uff.br\/index.php?rest_route=%2Fwp%2Fv2%2Ftags&post=7264"}],"curies":[{"name":"wp","href":"https:\/\/api.w.org\/{rel}","templated":true}]}}